{"id":17233,"date":"2024-09-25T10:31:10","date_gmt":"2024-09-25T07:31:10","guid":{"rendered":"https:\/\/www.saka.ee\/?p=17233"},"modified":"2024-09-25T10:43:42","modified_gmt":"2024-09-25T07:43:42","slug":"saka-moisa-yksi-kuvauksista-suositun-myyra-sarjan-uudella-kaudella","status":"publish","type":"post","link":"https:\/\/www.saka.ee\/fi\/saka-moisa-yksi-kuvauksista-suositun-myyra-sarjan-uudella-kaudella\/","title":{"rendered":"Saka M\u00f5isa yksi kuvauksista suositun &#8221;Myyr\u00e4&#8221;-sarjan uudella kaudella!"},"content":{"rendered":"\n<p class=\"wp-el\"><strong>Saka M\u00f5isa yksi kuvauksista suositun &#8221;Myyr\u00e4&#8221;-sarjan uudella kaudella!<\/strong><\/p>\n\n\n\n<p class=\"wp-el\">Meill\u00e4 on ilo ilmoittaa, ett\u00e4 Saka M\u00f5isa oli yksi kuvauspaikoista suositun suomalaisen reality-sarjan &#8221;Myyr\u00e4&#8221; uuden kauden kuvauksissa! Sarja, jossa osallistujat yritt\u00e4v\u00e4t suorittaa erilaisia teht\u00e4vi\u00e4 ja samalla paljastaa ryhm\u00e4ns\u00e4 sabot\u00f6\u00f6ri eli &#8221;myyr\u00e4,&#8221; toi osan seikkailuistaan meid\u00e4n kauniiseen ja historiallisesti merkitt\u00e4v\u00e4\u00e4n kartanoomme.<\/p>\n\n\n\n<p class=\"wp-el\">Saka M\u00f5isan ainutlaatuinen tunnelma ja upeat n\u00e4kym\u00e4t Suomenlahdelle antoivat sarjalle erityist\u00e4 vieh\u00e4tyst\u00e4. Saka M\u00f5isa oli yksi monista kuvauspaikoista, jotka luovat sarjan j\u00e4nnitt\u00e4v\u00e4n ja salaper\u00e4isen ilmapiirin. Olemme ylpeit\u00e4 siit\u00e4, ett\u00e4 saimme olla osa t\u00e4t\u00e4 kansainv\u00e4lisesti tunnettua projektia!<\/p>\n\n\n\n<p class=\"wp-el\">Seuraa uutta kautta ja tutustu Saka M\u00f5isan upeuteen &#8221;Myyr\u00e4&#8221;-osallistujien kanssa!<\/p>\n\n\n\n<p class=\"wp-el\">Foto: www.mtvuutiset.fi<\/p>\n\n\n\n<figure class=\"wp-block-image size-full\"><img loading=\"lazy\" decoding=\"async\" width=\"1600\" height=\"900\" src=\"https:\/\/www.saka.ee\/wp-content\/uploads\/2024\/09\/myyra-s4-16x9-clean-1.jpg\" alt=\"\" class=\"wp-image-17234\"\/><\/figure>\n","protected":false},"excerpt":{"rendered":"<p>Saka M\u00f5isa yksi kuvauksista suositun &#8221;Myyr\u00e4&#8221;-sarjan uudella kaudella! Meill\u00e4 on ilo ilmoittaa, ett\u00e4 Saka M\u00f5isa oli yksi kuvauspaikoista suositun suomalaisen&#8230;<\/p>\n","protected":false},"author":1,"featured_media":17234,"comment_status":"closed","ping_status":"closed","sticky":false,"template":"","format":"standard","meta":{"_acf_changed":false,"inline_featured_image":false,"footnotes":""},"categories":[39],"class_list":["post-17233","post","type-post","status-publish","format-standard","has-post-thumbnail","hentry","category-uudised-fi"],"acf":[],"_links":{"self":[{"href":"https:\/\/www.saka.ee\/fi\/wp-json\/wp\/v2\/posts\/17233","targetHints":{"allow":["GET"]}}],"collection":[{"href":"https:\/\/www.saka.ee\/fi\/wp-json\/wp\/v2\/posts"}],"about":[{"href":"https:\/\/www.saka.ee\/fi\/wp-json\/wp\/v2\/types\/post"}],"author":[{"embeddable":true,"href":"https:\/\/www.saka.ee\/fi\/wp-json\/wp\/v2\/users\/1"}],"replies":[{"embeddable":true,"href":"https:\/\/www.saka.ee\/fi\/wp-json\/wp\/v2\/comments?post=17233"}],"version-history":[{"count":2,"href":"https:\/\/www.saka.ee\/fi\/wp-json\/wp\/v2\/posts\/17233\/revisions"}],"predecessor-version":[{"id":17240,"href":"https:\/\/www.saka.ee\/fi\/wp-json\/wp\/v2\/posts\/17233\/revisions\/17240"}],"wp:featuredmedia":[{"embeddable":true,"href":"https:\/\/www.saka.ee\/fi\/wp-json\/wp\/v2\/media\/17234"}],"wp:attachment":[{"href":"https:\/\/www.saka.ee\/fi\/wp-json\/wp\/v2\/media?parent=17233"}],"wp:term":[{"taxonomy":"category","embeddable":true,"href":"https:\/\/www.saka.ee\/fi\/wp-json\/wp\/v2\/categories?post=17233"}],"curies":[{"name":"wp","href":"https:\/\/api.w.org\/{rel}","templated":true}]}}